{"id":2018,"date":"2024-06-25T16:26:24","date_gmt":"2024-06-25T14:26:24","guid":{"rendered":"https:\/\/sipar.org\/?p=2018"},"modified":"2026-01-21T15:30:03","modified_gmt":"2026-01-21T14:30:03","slug":"assemblee-generale-2024-retour-sur-une-annee-difficile","status":"publish","type":"post","link":"https:\/\/sipar.org\/en\/assemblee-generale-2024-retour-sur-une-annee-difficile\/","title":{"rendered":"Annual General Meeting 2024: a look back at a difficult year"},"content":{"rendered":"<div id=\"text-929742058\" class=\"text\">\n\t\t\n\n<h1 style=\"text-align: left;\">Annual General Meeting 2024: a look back at a difficult year<\/h1>\n\t\t\n<style>\n#text-929742058 {\n  font-size: 1.15rem;\n}\n<\/style>\n\t<\/div>\n\t\n<p>On June 6, Sipar's president, general manager and treasurer presented this year's activities and results. The year 2023 ended with a deficit balance sheet, but despite a complex year, projects continue with success and impact for Cambodia's most vulnerable people.<\/p>\n\t<div class=\"img has-hover x md-x lg-x y md-y lg-y\" id=\"image_1844380843\">\n\t\t\t\t\t\t\t\t<div class=\"img-inner dark\" >\n\t\t\t<img loading=\"lazy\" decoding=\"async\" width=\"1200\" height=\"721\" src=\"https:\/\/sipar.org\/wp-content\/uploads\/reunion-CA-sipar.jpeg\" class=\"attachment-original size-original\" alt=\"Assembl\u00e9e G\u00e9n\u00e9rale Sipar 2023\" srcset=\"https:\/\/sipar.org\/wp-content\/uploads\/reunion-CA-sipar.jpeg 1200w, https:\/\/sipar.org\/wp-content\/uploads\/reunion-CA-sipar-300x180.jpeg 300w, https:\/\/sipar.org\/wp-content\/uploads\/reunion-CA-sipar-1024x615.jpeg 1024w, https:\/\/sipar.org\/wp-content\/uploads\/reunion-CA-sipar-768x461.jpeg 768w, https:\/\/sipar.org\/wp-content\/uploads\/reunion-CA-sipar-18x12.jpeg 18w\" sizes=\"auto, (max-width: 1200px) 100vw, 1200px\" \/>\t\t\t\t\t\t\n\t\t\t\t\t<\/div>\n\t\t\t\t\t\t\t\t\n<style>\n#image_1844380843 {\n  width: 100%;\n}\n<\/style>\n\t<\/div>\n\t\n\n\t<div id=\"text-3258429447\" class=\"text\">\n\t\t\n\n<p><em>Board meeting in Versailles before the Annual General Meeting<\/em><\/p>\n\t\t\n<style>\n#text-3258429447 {\n  font-size: 0.85rem;\n}\n<\/style>\n\t<\/div>\n\t\n<div class=\"container section-title-container\" ><h2 class=\"section-title section-title-normal\"><b><\/b><span class=\"section-title-main\" style=\"font-size:70%;\">Activity report<\/span><b><\/b><\/h2><\/div>\n\n<p>The 2024 Annual General Meeting was held by videoconference. Patrice Lucas, President of Sipar, presented his annual report and detailed current programs.\u00a0<\/p>\n<p>More than 33 years after our debut in Cambodia's public schools, we continued our support for the historic library network in 2023, renewing book holdings and renovating and building new libraries.<\/p>\n<p>Our 14 mobile libraries continued to circulate in seven provinces and in Phnom Penh. Prison officers now directly manage libraries in all 28 prisons. We also supported the development of Cambodian youth. In addition, our publishing house published 19 new titles in 2023, bringing our catalog to 289 titles.<\/p>\n<p>In 2024, we will continue and expand our mission. We'll be promoting reading and education for all, supporting schooling and Cambodian youth in disadvantaged areas.<\/p>\n<div class=\"container section-title-container\" ><h2 class=\"section-title section-title-normal\"><b><\/b><span class=\"section-title-main\" style=\"font-size:70%;\">Governance<\/span><b><\/b><\/h2><\/div>\n\n<p>The audit committee, created at the end of 2022, was operational in 2023. It recommended an audit in Versailles and Phnom Penh, carried out in early 2024 thanks to the skills sponsorship of the Allianz Group. In 2023, we were certified IDEAS. The continuous improvement process continues with the help of two volunteer advisors delegated by IDEAS. A progress report is scheduled for the end of June 2024.<\/p>\n<div class=\"container section-title-container\" ><h2 class=\"section-title section-title-normal\"><b><\/b><span class=\"section-title-main\" style=\"font-size:70%;\">A tough financial year<\/span><b><\/b><\/h2><\/div>\n\n<p>The year 2023 was a difficult one financially. We saw a significant drop in income (donations and book sales). This did not cover all expenses, leading to a deficit of 116 k\u20ac. The budget, presented with a deficit of 33 k\u20ac, could not be respected.<\/p>\n<p>The Annual General Meeting unanimously approved the 2023 financial statements, validating the allocation of the deficit to reserves.<\/p>\n<p>Our sincere thanks go to our friends, partners and donors, whose support enables us to continue our educational drive in Cambodia.<\/p>\n<p>To consult and download our documents (in French only) :<\/p>\n<ul>\n<li><a href=\"https:\/\/sipar.org\/wp-content\/uploads\/Annual-Report-2023-ENG.pdf\">Annual report 2023<\/a><\/li>\n<li><a href=\"https:\/\/sipar.org\/wp-content\/uploads\/Convocation-AG-2024.png\">2024 General Assembly convocation (in French)<\/a><\/li>\n<li><a href=\"https:\/\/sipar.org\/wp-content\/uploads\/Rapport-activite-2023-AG.pdf\">Annual report 2023 (resume, in French)<\/a><\/li>\n<li><a href=\"https:\/\/sipar.org\/wp-content\/uploads\/rapport-financier-2023.pdf\">Financial report 2023 (in French)<\/a><\/li>\n<li><a href=\"https:\/\/sipar.org\/wp-content\/uploads\/Rapports-AG-2024.pdf\">Moral report 2023 (in French)<\/a><\/li>\n<li><a href=\"https:\/\/sipar.org\/wp-content\/uploads\/rapport-cac-2024.pdf\">France Auditors report 2023 (in French)<\/a><\/li>\n<li><a href=\"https:\/\/sipar.org\/wp-content\/uploads\/PV-AG-2024.pdf\">Minutes General Assembly 2024 (in French)<\/a><\/li>\n<\/ul>","protected":false},"excerpt":{"rendered":"","protected":false},"author":1,"featured_media":2024,"comment_status":"open","ping_status":"open","sticky":false,"template":"","format":"standard","meta":{"footnotes":""},"categories":[6],"tags":[],"class_list":["post-2018","post","type-post","status-publish","format-standard","has-post-thumbnail","hentry","category-sipar"],"yoast_head":"<!-- This site is optimized with the Yoast SEO plugin v27.4 - https:\/\/yoast.com\/product\/yoast-seo-wordpress\/ -->\n<title>Assembl\u00e9e G\u00e9n\u00e9rale 2024 : retour sur une ann\u00e9e difficile - Sipar<\/title>\n<meta name=\"description\" content=\"L&#039;Assembl\u00e9e G\u00e9n\u00e9rale 2024 de Sipar s&#039;est tenue le 6 juin en visio-conf\u00e9rence. 2023 a \u00e9t\u00e9 une ann\u00e9e difficile mais les activit\u00e9s continuent.\" \/>\n<meta name=\"robots\" content=\"index, follow, max-snippet:-1, max-image-preview:large, max-video-preview:-1\" \/>\n<link rel=\"canonical\" href=\"https:\/\/sipar.org\/en\/assemblee-generale-2024-retour-sur-une-annee-difficile\/\" \/>\n<meta property=\"og:locale\" content=\"en_US\" \/>\n<meta property=\"og:type\" content=\"article\" \/>\n<meta property=\"og:title\" content=\"Assembl\u00e9e G\u00e9n\u00e9rale 2024 : retour sur une ann\u00e9e difficile - Sipar\" \/>\n<meta property=\"og:description\" content=\"L&#039;Assembl\u00e9e G\u00e9n\u00e9rale 2024 de Sipar s&#039;est tenue le 6 juin en visio-conf\u00e9rence. 2023 a \u00e9t\u00e9 une ann\u00e9e difficile mais les activit\u00e9s continuent.\" \/>\n<meta property=\"og:url\" content=\"https:\/\/sipar.org\/en\/assemblee-generale-2024-retour-sur-une-annee-difficile\/\" \/>\n<meta property=\"og:site_name\" content=\"Sipar\" \/>\n<meta property=\"article:publisher\" content=\"https:\/\/facebook.com\/siparfrance\" \/>\n<meta property=\"article:published_time\" content=\"2024-06-25T14:26:24+00:00\" \/>\n<meta property=\"article:modified_time\" content=\"2026-01-21T14:30:03+00:00\" \/>\n<meta property=\"og:image\" content=\"https:\/\/sipar.org\/wp-content\/uploads\/reunion-CA-sipar.jpeg\" \/>\n\t<meta property=\"og:image:width\" content=\"1200\" \/>\n\t<meta property=\"og:image:height\" content=\"721\" \/>\n\t<meta property=\"og:image:type\" content=\"image\/jpeg\" \/>\n<meta name=\"author\" content=\"Sipar\" \/>\n<meta name=\"twitter:card\" content=\"summary_large_image\" \/>\n<meta name=\"twitter:label1\" content=\"Written by\" \/>\n\t<meta name=\"twitter:data1\" content=\"Sipar\" \/>\n\t<meta name=\"twitter:label2\" content=\"Est. reading time\" \/>\n\t<meta name=\"twitter:data2\" content=\"3 minutes\" \/>\n<script type=\"application\/ld+json\" class=\"yoast-schema-graph\">{\"@context\":\"https:\\\/\\\/schema.org\",\"@graph\":[{\"@type\":\"Article\",\"@id\":\"https:\\\/\\\/sipar.org\\\/assemblee-generale-2024-retour-sur-une-annee-difficile\\\/#article\",\"isPartOf\":{\"@id\":\"https:\\\/\\\/sipar.org\\\/assemblee-generale-2024-retour-sur-une-annee-difficile\\\/\"},\"author\":{\"name\":\"Sipar\",\"@id\":\"https:\\\/\\\/sipar.org\\\/#\\\/schema\\\/person\\\/0f8e4d7fa9ca9bdd87633994bc15e83f\"},\"headline\":\"Assembl\u00e9e G\u00e9n\u00e9rale 2024 : retour sur une ann\u00e9e difficile\",\"datePublished\":\"2024-06-25T14:26:24+00:00\",\"dateModified\":\"2026-01-21T14:30:03+00:00\",\"mainEntityOfPage\":{\"@id\":\"https:\\\/\\\/sipar.org\\\/assemblee-generale-2024-retour-sur-une-annee-difficile\\\/\"},\"wordCount\":515,\"commentCount\":0,\"publisher\":{\"@id\":\"https:\\\/\\\/sipar.org\\\/#organization\"},\"image\":{\"@id\":\"https:\\\/\\\/sipar.org\\\/assemblee-generale-2024-retour-sur-une-annee-difficile\\\/#primaryimage\"},\"thumbnailUrl\":\"https:\\\/\\\/sipar.org\\\/wp-content\\\/uploads\\\/reunion-CA-sipar.jpeg\",\"articleSection\":[\"Sipar\"],\"inLanguage\":\"en-US\",\"potentialAction\":[{\"@type\":\"CommentAction\",\"name\":\"Comment\",\"target\":[\"https:\\\/\\\/sipar.org\\\/assemblee-generale-2024-retour-sur-une-annee-difficile\\\/#respond\"]}]},{\"@type\":\"WebPage\",\"@id\":\"https:\\\/\\\/sipar.org\\\/assemblee-generale-2024-retour-sur-une-annee-difficile\\\/\",\"url\":\"https:\\\/\\\/sipar.org\\\/assemblee-generale-2024-retour-sur-une-annee-difficile\\\/\",\"name\":\"Assembl\u00e9e G\u00e9n\u00e9rale 2024 : retour sur une ann\u00e9e difficile - Sipar\",\"isPartOf\":{\"@id\":\"https:\\\/\\\/sipar.org\\\/#website\"},\"primaryImageOfPage\":{\"@id\":\"https:\\\/\\\/sipar.org\\\/assemblee-generale-2024-retour-sur-une-annee-difficile\\\/#primaryimage\"},\"image\":{\"@id\":\"https:\\\/\\\/sipar.org\\\/assemblee-generale-2024-retour-sur-une-annee-difficile\\\/#primaryimage\"},\"thumbnailUrl\":\"https:\\\/\\\/sipar.org\\\/wp-content\\\/uploads\\\/reunion-CA-sipar.jpeg\",\"datePublished\":\"2024-06-25T14:26:24+00:00\",\"dateModified\":\"2026-01-21T14:30:03+00:00\",\"description\":\"L'Assembl\u00e9e G\u00e9n\u00e9rale 2024 de Sipar s'est tenue le 6 juin en visio-conf\u00e9rence. 2023 a \u00e9t\u00e9 une ann\u00e9e difficile mais les activit\u00e9s continuent.\",\"breadcrumb\":{\"@id\":\"https:\\\/\\\/sipar.org\\\/assemblee-generale-2024-retour-sur-une-annee-difficile\\\/#breadcrumb\"},\"inLanguage\":\"en-US\",\"potentialAction\":[{\"@type\":\"ReadAction\",\"target\":[\"https:\\\/\\\/sipar.org\\\/assemblee-generale-2024-retour-sur-une-annee-difficile\\\/\"]}]},{\"@type\":\"ImageObject\",\"inLanguage\":\"en-US\",\"@id\":\"https:\\\/\\\/sipar.org\\\/assemblee-generale-2024-retour-sur-une-annee-difficile\\\/#primaryimage\",\"url\":\"https:\\\/\\\/sipar.org\\\/wp-content\\\/uploads\\\/reunion-CA-sipar.jpeg\",\"contentUrl\":\"https:\\\/\\\/sipar.org\\\/wp-content\\\/uploads\\\/reunion-CA-sipar.jpeg\",\"width\":1200,\"height\":721,\"caption\":\"Assembl\u00e9e G\u00e9n\u00e9rale Sipar 2023\"},{\"@type\":\"BreadcrumbList\",\"@id\":\"https:\\\/\\\/sipar.org\\\/assemblee-generale-2024-retour-sur-une-annee-difficile\\\/#breadcrumb\",\"itemListElement\":[{\"@type\":\"ListItem\",\"position\":1,\"name\":\"Accueil\",\"item\":\"https:\\\/\\\/sipar.org\\\/\"},{\"@type\":\"ListItem\",\"position\":2,\"name\":\"Assembl\u00e9e G\u00e9n\u00e9rale 2024 : retour sur une ann\u00e9e difficile\"}]},{\"@type\":\"WebSite\",\"@id\":\"https:\\\/\\\/sipar.org\\\/#website\",\"url\":\"https:\\\/\\\/sipar.org\\\/\",\"name\":\"Sipar\",\"description\":\"Lire et s&#039;instruire pour construire l&#039;avenir\",\"publisher\":{\"@id\":\"https:\\\/\\\/sipar.org\\\/#organization\"},\"potentialAction\":[{\"@type\":\"SearchAction\",\"target\":{\"@type\":\"EntryPoint\",\"urlTemplate\":\"https:\\\/\\\/sipar.org\\\/?s={search_term_string}\"},\"query-input\":{\"@type\":\"PropertyValueSpecification\",\"valueRequired\":true,\"valueName\":\"search_term_string\"}}],\"inLanguage\":\"en-US\"},{\"@type\":\"Organization\",\"@id\":\"https:\\\/\\\/sipar.org\\\/#organization\",\"name\":\"Sipar\",\"url\":\"https:\\\/\\\/sipar.org\\\/\",\"logo\":{\"@type\":\"ImageObject\",\"inLanguage\":\"en-US\",\"@id\":\"https:\\\/\\\/sipar.org\\\/#\\\/schema\\\/logo\\\/image\\\/\",\"url\":\"https:\\\/\\\/sipar.org\\\/wp-content\\\/uploads\\\/LOGO-FINAL-SIPAR.jpg\",\"contentUrl\":\"https:\\\/\\\/sipar.org\\\/wp-content\\\/uploads\\\/LOGO-FINAL-SIPAR.jpg\",\"width\":2362,\"height\":2362,\"caption\":\"Sipar\"},\"image\":{\"@id\":\"https:\\\/\\\/sipar.org\\\/#\\\/schema\\\/logo\\\/image\\\/\"},\"sameAs\":[\"https:\\\/\\\/facebook.com\\\/siparfrance\",\"https:\\\/\\\/instagram.com\\\/siparfrance\",\"https:\\\/\\\/www.linkedin.com\\\/company\\\/sipar-cambodia\",\"https:\\\/\\\/www.youtube.com\\\/channel\\\/UCjYqDfhBs1Q9rpXcPwTTbPg\"]},{\"@type\":\"Person\",\"@id\":\"https:\\\/\\\/sipar.org\\\/#\\\/schema\\\/person\\\/0f8e4d7fa9ca9bdd87633994bc15e83f\",\"name\":\"Sipar\",\"image\":{\"@type\":\"ImageObject\",\"inLanguage\":\"en-US\",\"@id\":\"https:\\\/\\\/secure.gravatar.com\\\/avatar\\\/9f98a893829c5d6bc91fbf35e8f74e311fca8ae666d60395b597ca804f9a6ae6?s=96&d=mm&r=g\",\"url\":\"https:\\\/\\\/secure.gravatar.com\\\/avatar\\\/9f98a893829c5d6bc91fbf35e8f74e311fca8ae666d60395b597ca804f9a6ae6?s=96&d=mm&r=g\",\"contentUrl\":\"https:\\\/\\\/secure.gravatar.com\\\/avatar\\\/9f98a893829c5d6bc91fbf35e8f74e311fca8ae666d60395b597ca804f9a6ae6?s=96&d=mm&r=g\",\"caption\":\"Sipar\"},\"sameAs\":[\"http:\\\/\\\/sipar.org\"],\"url\":\"https:\\\/\\\/sipar.org\\\/en\\\/author\\\/svc0601\\\/\"}]}<\/script>\n<!-- \/ Yoast SEO plugin. -->","yoast_head_json":{"title":"Assembl\u00e9e G\u00e9n\u00e9rale 2024 : retour sur une ann\u00e9e difficile - Sipar","description":"L'Assembl\u00e9e G\u00e9n\u00e9rale 2024 de Sipar s'est tenue le 6 juin en visio-conf\u00e9rence. 2023 a \u00e9t\u00e9 une ann\u00e9e difficile mais les activit\u00e9s continuent.","robots":{"index":"index","follow":"follow","max-snippet":"max-snippet:-1","max-image-preview":"max-image-preview:large","max-video-preview":"max-video-preview:-1"},"canonical":"https:\/\/sipar.org\/en\/assemblee-generale-2024-retour-sur-une-annee-difficile\/","og_locale":"en_US","og_type":"article","og_title":"Assembl\u00e9e G\u00e9n\u00e9rale 2024 : retour sur une ann\u00e9e difficile - Sipar","og_description":"L'Assembl\u00e9e G\u00e9n\u00e9rale 2024 de Sipar s'est tenue le 6 juin en visio-conf\u00e9rence. 2023 a \u00e9t\u00e9 une ann\u00e9e difficile mais les activit\u00e9s continuent.","og_url":"https:\/\/sipar.org\/en\/assemblee-generale-2024-retour-sur-une-annee-difficile\/","og_site_name":"Sipar","article_publisher":"https:\/\/facebook.com\/siparfrance","article_published_time":"2024-06-25T14:26:24+00:00","article_modified_time":"2026-01-21T14:30:03+00:00","og_image":[{"width":1200,"height":721,"url":"https:\/\/sipar.org\/wp-content\/uploads\/reunion-CA-sipar.jpeg","type":"image\/jpeg"}],"author":"Sipar","twitter_card":"summary_large_image","twitter_misc":{"Written by":"Sipar","Est. reading time":"3 minutes"},"schema":{"@context":"https:\/\/schema.org","@graph":[{"@type":"Article","@id":"https:\/\/sipar.org\/assemblee-generale-2024-retour-sur-une-annee-difficile\/#article","isPartOf":{"@id":"https:\/\/sipar.org\/assemblee-generale-2024-retour-sur-une-annee-difficile\/"},"author":{"name":"Sipar","@id":"https:\/\/sipar.org\/#\/schema\/person\/0f8e4d7fa9ca9bdd87633994bc15e83f"},"headline":"Assembl\u00e9e G\u00e9n\u00e9rale 2024 : retour sur une ann\u00e9e difficile","datePublished":"2024-06-25T14:26:24+00:00","dateModified":"2026-01-21T14:30:03+00:00","mainEntityOfPage":{"@id":"https:\/\/sipar.org\/assemblee-generale-2024-retour-sur-une-annee-difficile\/"},"wordCount":515,"commentCount":0,"publisher":{"@id":"https:\/\/sipar.org\/#organization"},"image":{"@id":"https:\/\/sipar.org\/assemblee-generale-2024-retour-sur-une-annee-difficile\/#primaryimage"},"thumbnailUrl":"https:\/\/sipar.org\/wp-content\/uploads\/reunion-CA-sipar.jpeg","articleSection":["Sipar"],"inLanguage":"en-US","potentialAction":[{"@type":"CommentAction","name":"Comment","target":["https:\/\/sipar.org\/assemblee-generale-2024-retour-sur-une-annee-difficile\/#respond"]}]},{"@type":"WebPage","@id":"https:\/\/sipar.org\/assemblee-generale-2024-retour-sur-une-annee-difficile\/","url":"https:\/\/sipar.org\/assemblee-generale-2024-retour-sur-une-annee-difficile\/","name":"Assembl\u00e9e G\u00e9n\u00e9rale 2024 : retour sur une ann\u00e9e difficile - Sipar","isPartOf":{"@id":"https:\/\/sipar.org\/#website"},"primaryImageOfPage":{"@id":"https:\/\/sipar.org\/assemblee-generale-2024-retour-sur-une-annee-difficile\/#primaryimage"},"image":{"@id":"https:\/\/sipar.org\/assemblee-generale-2024-retour-sur-une-annee-difficile\/#primaryimage"},"thumbnailUrl":"https:\/\/sipar.org\/wp-content\/uploads\/reunion-CA-sipar.jpeg","datePublished":"2024-06-25T14:26:24+00:00","dateModified":"2026-01-21T14:30:03+00:00","description":"L'Assembl\u00e9e G\u00e9n\u00e9rale 2024 de Sipar s'est tenue le 6 juin en visio-conf\u00e9rence. 2023 a \u00e9t\u00e9 une ann\u00e9e difficile mais les activit\u00e9s continuent.","breadcrumb":{"@id":"https:\/\/sipar.org\/assemblee-generale-2024-retour-sur-une-annee-difficile\/#breadcrumb"},"inLanguage":"en-US","potentialAction":[{"@type":"ReadAction","target":["https:\/\/sipar.org\/assemblee-generale-2024-retour-sur-une-annee-difficile\/"]}]},{"@type":"ImageObject","inLanguage":"en-US","@id":"https:\/\/sipar.org\/assemblee-generale-2024-retour-sur-une-annee-difficile\/#primaryimage","url":"https:\/\/sipar.org\/wp-content\/uploads\/reunion-CA-sipar.jpeg","contentUrl":"https:\/\/sipar.org\/wp-content\/uploads\/reunion-CA-sipar.jpeg","width":1200,"height":721,"caption":"Assembl\u00e9e G\u00e9n\u00e9rale Sipar 2023"},{"@type":"BreadcrumbList","@id":"https:\/\/sipar.org\/assemblee-generale-2024-retour-sur-une-annee-difficile\/#breadcrumb","itemListElement":[{"@type":"ListItem","position":1,"name":"Accueil","item":"https:\/\/sipar.org\/"},{"@type":"ListItem","position":2,"name":"Assembl\u00e9e G\u00e9n\u00e9rale 2024 : retour sur une ann\u00e9e difficile"}]},{"@type":"WebSite","@id":"https:\/\/sipar.org\/#website","url":"https:\/\/sipar.org\/","name":"Sipar","description":"Lire et s&#039;instruire pour construire l&#039;avenir","publisher":{"@id":"https:\/\/sipar.org\/#organization"},"potentialAction":[{"@type":"SearchAction","target":{"@type":"EntryPoint","urlTemplate":"https:\/\/sipar.org\/?s={search_term_string}"},"query-input":{"@type":"PropertyValueSpecification","valueRequired":true,"valueName":"search_term_string"}}],"inLanguage":"en-US"},{"@type":"Organization","@id":"https:\/\/sipar.org\/#organization","name":"Sipar","url":"https:\/\/sipar.org\/","logo":{"@type":"ImageObject","inLanguage":"en-US","@id":"https:\/\/sipar.org\/#\/schema\/logo\/image\/","url":"https:\/\/sipar.org\/wp-content\/uploads\/LOGO-FINAL-SIPAR.jpg","contentUrl":"https:\/\/sipar.org\/wp-content\/uploads\/LOGO-FINAL-SIPAR.jpg","width":2362,"height":2362,"caption":"Sipar"},"image":{"@id":"https:\/\/sipar.org\/#\/schema\/logo\/image\/"},"sameAs":["https:\/\/facebook.com\/siparfrance","https:\/\/instagram.com\/siparfrance","https:\/\/www.linkedin.com\/company\/sipar-cambodia","https:\/\/www.youtube.com\/channel\/UCjYqDfhBs1Q9rpXcPwTTbPg"]},{"@type":"Person","@id":"https:\/\/sipar.org\/#\/schema\/person\/0f8e4d7fa9ca9bdd87633994bc15e83f","name":"Sipar","image":{"@type":"ImageObject","inLanguage":"en-US","@id":"https:\/\/secure.gravatar.com\/avatar\/9f98a893829c5d6bc91fbf35e8f74e311fca8ae666d60395b597ca804f9a6ae6?s=96&d=mm&r=g","url":"https:\/\/secure.gravatar.com\/avatar\/9f98a893829c5d6bc91fbf35e8f74e311fca8ae666d60395b597ca804f9a6ae6?s=96&d=mm&r=g","contentUrl":"https:\/\/secure.gravatar.com\/avatar\/9f98a893829c5d6bc91fbf35e8f74e311fca8ae666d60395b597ca804f9a6ae6?s=96&d=mm&r=g","caption":"Sipar"},"sameAs":["http:\/\/sipar.org"],"url":"https:\/\/sipar.org\/en\/author\/svc0601\/"}]}},"_links":{"self":[{"href":"https:\/\/sipar.org\/en\/wp-json\/wp\/v2\/posts\/2018","targetHints":{"allow":["GET"]}}],"collection":[{"href":"https:\/\/sipar.org\/en\/wp-json\/wp\/v2\/posts"}],"about":[{"href":"https:\/\/sipar.org\/en\/wp-json\/wp\/v2\/types\/post"}],"author":[{"embeddable":true,"href":"https:\/\/sipar.org\/en\/wp-json\/wp\/v2\/users\/1"}],"replies":[{"embeddable":true,"href":"https:\/\/sipar.org\/en\/wp-json\/wp\/v2\/comments?post=2018"}],"version-history":[{"count":8,"href":"https:\/\/sipar.org\/en\/wp-json\/wp\/v2\/posts\/2018\/revisions"}],"predecessor-version":[{"id":2640,"href":"https:\/\/sipar.org\/en\/wp-json\/wp\/v2\/posts\/2018\/revisions\/2640"}],"wp:featuredmedia":[{"embeddable":true,"href":"https:\/\/sipar.org\/en\/wp-json\/wp\/v2\/media\/2024"}],"wp:attachment":[{"href":"https:\/\/sipar.org\/en\/wp-json\/wp\/v2\/media?parent=2018"}],"wp:term":[{"taxonomy":"category","embeddable":true,"href":"https:\/\/sipar.org\/en\/wp-json\/wp\/v2\/categories?post=2018"},{"taxonomy":"post_tag","embeddable":true,"href":"https:\/\/sipar.org\/en\/wp-json\/wp\/v2\/tags?post=2018"}],"curies":[{"name":"wp","href":"https:\/\/api.w.org\/{rel}","templated":true}]}}